{"id":6563,"date":"2025-11-13T11:11:20","date_gmt":"2025-11-13T10:11:20","guid":{"rendered":"https:\/\/antenatrenlab.com\/?p=6563"},"modified":"2025-12-29T11:02:03","modified_gmt":"2025-12-29T10:02:03","slug":"antena-trenlab-acoge-la-jornada-b2b-sajonia-cataluna","status":"publish","type":"post","link":"https:\/\/antenatrenlab.com\/es\/antena-trenlab-acoge-la-jornada-b2b-sajonia-cataluna\/","title":{"rendered":"Antena TrenLab acoge la Jornada B2B Sajonia-Catalu\u00f1a"},"content":{"rendered":"<ul>\n<li><strong>Un encuentro para impulsar la colaboraci\u00f3n internacional y la innovaci\u00f3n en el sector ferroviario<\/strong><\/li>\n<li><strong>Ha reunido a empresas Catalanas y de la regi\u00f3n de Sajonia (Alemania) del sector de la movilidad<\/strong><\/li>\n<\/ul>\n<p>&nbsp;<\/p>\n<p><em>Matar\u00f3, 21 de octubre de 2025 (Antena TrenLab).<\/em><\/p>\n<p>El martes 21 de octubre, el espacio <strong>Antena TrenLab Matar\u00f3<\/strong> acogi\u00f3 la <strong>Jornada B2B Sajonia-Catalu\u00f1a<\/strong>, una sesi\u00f3n empresarial centrada en el fomento de sinergias entre empresas catalanas y alemanas del sector ferroviario.<\/p>\n<p>El evento, organizado por<strong> IN-MOVE by Railgrup<\/strong>, <strong>C\u00e1mara de Comercio Alemana para Espa\u00f1a (AHK Spanien)<\/strong> y <strong>ACCI\u00d3<\/strong>, con la colaboraci\u00f3n del <strong>Ayuntamiento de Matar\u00f3<\/strong> y <strong>Antena TrenLab<\/strong>, puso de manifiesto el <strong>fuerte potencial de la industria ferroviaria<\/strong> y su apuesta por la innovaci\u00f3n, <strong>la digitalizaci\u00f3n y la sostenibilidad<\/strong>.<\/p>\n<p>Durante la jornada, varias empresas de <strong>Sajonia (Alemania)<\/strong> \u2014una de las regiones europeas con mayor tradici\u00f3n y especializaci\u00f3n en tecnolog\u00eda ferroviaria\u2014 presentaron sus soluciones y mantuvieron reuniones bilaterales con empresas catalanas para explorar oportunidades de colaboraci\u00f3n y alianzas estrat\u00e9gicas.<\/p>\n<p>El acto cont\u00f3 tambi\u00e9n con la participaci\u00f3n de representantes institucionales y empresariales que subrayaron la importancia de impulsar <strong>proyectos transfronterizos y ecosistemas de innovaci\u00f3n compartidos<\/strong> para reforzar la competitividad del sector a nivel europeo.<\/p>\n<p>La jornada finaliz\u00f3 con un <strong>espacio de networking y catering<\/strong> que facilit\u00f3 el intercambio de experiencias y el contacto directo entre las empresas participantes, generando un entorno propicio para futuras colaboraciones.<\/p>\n<p>Desde la organizaci\u00f3n se expres\u00f3 un<strong> especial agradecimiento<\/strong> a todas las entidades colaboradoras y empresas asistentes por su <strong>compromiso con el desarrollo del sector ferroviario y su transformaci\u00f3n hacia un modelo m\u00e1s sostenible y digitalizado.<\/strong><\/p>\n","protected":false},"excerpt":{"rendered":"<p>Un encuentro para impulsar la colaboraci\u00f3n internacional y la innovaci\u00f3n en el sector ferroviario Ha reunido a empresas Catalanas y de la regi\u00f3n de Sajonia (Alemania) del sector de la movilidad &nbsp; Matar\u00f3, 21 de octubre de 2025 (Antena TrenLab). El martes 21 de octubre, el espacio Antena TrenLab Matar\u00f3 acogi\u00f3 la Jornada B2B Sajonia-Catalu\u00f1a, [&hellip;]<\/p>\n","protected":false},"author":15,"featured_media":6557,"comment_status":"closed","ping_status":"open","sticky":false,"template":"","format":"standard","meta":{"_acf_changed":false,"_seopress_robots_primary_cat":"none","_seopress_titles_title":"","_seopress_titles_desc":"","_seopress_robots_index":"","footnotes":""},"categories":[30],"tags":[],"class_list":["post-6563","post","type-post","status-publish","format-standard","has-post-thumbnail","hentry","category-historicas"],"acf":[],"_links":{"self":[{"href":"https:\/\/antenatrenlab.com\/es\/wp-json\/wp\/v2\/posts\/6563","targetHints":{"allow":["GET"]}}],"collection":[{"href":"https:\/\/antenatrenlab.com\/es\/wp-json\/wp\/v2\/posts"}],"about":[{"href":"https:\/\/antenatrenlab.com\/es\/wp-json\/wp\/v2\/types\/post"}],"author":[{"embeddable":true,"href":"https:\/\/antenatrenlab.com\/es\/wp-json\/wp\/v2\/users\/15"}],"replies":[{"embeddable":true,"href":"https:\/\/antenatrenlab.com\/es\/wp-json\/wp\/v2\/comments?post=6563"}],"version-history":[{"count":3,"href":"https:\/\/antenatrenlab.com\/es\/wp-json\/wp\/v2\/posts\/6563\/revisions"}],"predecessor-version":[{"id":6596,"href":"https:\/\/antenatrenlab.com\/es\/wp-json\/wp\/v2\/posts\/6563\/revisions\/6596"}],"wp:featuredmedia":[{"embeddable":true,"href":"https:\/\/antenatrenlab.com\/es\/wp-json\/wp\/v2\/media\/6557"}],"wp:attachment":[{"href":"https:\/\/antenatrenlab.com\/es\/wp-json\/wp\/v2\/media?parent=6563"}],"wp:term":[{"taxonomy":"category","embeddable":true,"href":"https:\/\/antenatrenlab.com\/es\/wp-json\/wp\/v2\/categories?post=6563"},{"taxonomy":"post_tag","embeddable":true,"href":"https:\/\/antenatrenlab.com\/es\/wp-json\/wp\/v2\/tags?post=6563"}],"curies":[{"name":"wp","href":"https:\/\/api.w.org\/{rel}","templated":true}]}}